{"id":3276,"date":"2024-06-19T13:31:09","date_gmt":"2024-06-19T11:31:09","guid":{"rendered":"https:\/\/www.yakasaider.fr\/article\/?p=3276"},"modified":"2024-06-19T13:31:15","modified_gmt":"2024-06-19T11:31:15","slug":"jardinier-verrieres-le-buisson-91370","status":"publish","type":"post","link":"https:\/\/www.yakasaider.fr\/article\/jardinier-verrieres-le-buisson-91370\/","title":{"rendered":"Jardinage \u00e0 Verri\u00e8res-le-Buisson : Contacter un jardinier ou un paysagiste de qualit\u00e9"},"content":{"rendered":"<div class=\"demande_devis\"><span class=\"dd_title\">Demandez <strong>3 devis comparatifs<\/strong> pour<br \/>\n<strong>trouver un jardinier<\/strong> \u00e0 Verri\u00e8res-le-Buisson<\/span><br \/>\n<a class=\"dd_link\" href=\"https:\/\/www.yakasaider.fr\/article\/devis-entretien-jardin\" target=\"_blank\" rel=\"noopener\">Obtenir 3 devis gratuits<\/a><\/p>\n<div class=\"dd_credit\"><span class=\"dd_credit_impot\"><strong>-50%<\/strong> de cr\u00e9dit d&rsquo;imp\u00f4t<\/span><br \/>\n<span class=\"dd_dur\">Jusqu&rsquo;\u00e0 2500\u20ac\/an de<br \/>\ncr\u00e9dit d&rsquo;imp\u00f4t<\/span><br \/>\n<img decoding=\"async\" class=\"dd_image\" src=\"https:\/\/www.yakasaider.fr\/article\/wp-content\/uploads\/2024\/04\/logo-services-a-la-personne.png\" width=\"80\" \/><\/div>\n<\/div>\n<p><strong>\u00c0 la recherche d&rsquo;un jardinier \u00e0 Verri\u00e8res-le-Buisson, en \u00cele-de-France, ou d&rsquo;un paysagiste pour un entretien de jardin impeccable ?<\/strong> Plusieurs solutions s&rsquo;offrent \u00e0 vous :<\/p>\n\n<ul class=\"list-13\">\n<li><a href=\"https:\/\/www.yakasaider.fr\/article\/devis\/\" target=\"_blank\" rel=\"noopener\">Demander trois devis gratuits<\/a> pour comparer les prix entre les meilleurs paysagistes et jardiniers de Verri\u00e8res-le-Buisson<\/li>\n<li><a href=\"#prestataire\">Contacter un des meilleurs jardiniers \u00e0 Verri\u00e8res-le-Buisson parmi notre TOP 4<\/a><\/li>\n<li><a href=\"#yakasaider\">Contacter un membre Yakasaider pr\u00eat \u00e0 vous aider gratuitement pour l&rsquo;entretien de votre jardin<\/a><\/li>\n<li>Se renseigner sur l&rsquo;entretien de votre jardin et de vos espaces verts \u00e0 Verri\u00e8res-le-Buisson : <a href=\"#prix\">prix des prestataires<\/a>, <a href=\"#recruter\">comment recruter un jardinier<\/a>, etc&#8230;<\/li>\n<\/ul>\n\n<p>Si vous le souhaitez, d\u00e9couvrez notre article d\u00e9di\u00e9 <a href=\"https:\/\/www.yakasaider.fr\/article\/services-a-la-personne\/jardinage\/essonne\/\">aux jardiniers Essonne<\/a>.<\/p>\n<p><script>\nvud_partenaire_id = '2016';\nvud_categorie_id = '54';\nvar vud_js = document.createElement('script'); vud_js.type = 'text\/javascript';\nvud_js.src = '\/\/www.viteundevis.com\/eecaa7ba32\/'+vud_partenaire_id+'\/'+vud_categorie_id+'\/';\nvar s = document.getElementsByTagName('script')0;\ns.parentNode.insertBefore(vud_js, s);\n<\/script><\/p>\n<h2><strong><span style=\"color: #0a99cd;\"><a id=\"prestataire\"><\/a>Top 4 des meilleurs jardiniers et paysagistes de Verri\u00e8res-le-Buisson<\/span><\/strong><\/h2>\n<p>Vous souhaitez faire <strong>des travaux de jardinage \u00e0 Verri\u00e8res-le-Buisson <\/strong>(Essonne) prochainement et vous \u00eates \u00e0 la recherche d&rsquo;un prestataire ? Nous vous avons pr\u00e9par\u00e9 un TOP4 des meilleurs jardiniers \u00e0 Verri\u00e8res-le-Buisson pour vous aider dans votre choix. N&rsquo;h\u00e9sitez pas \u00e0 visiter leurs sites internet ou contacter les entreprises par t\u00e9l\u00e9phone si vous souhaitez avoir davantage d&rsquo;informations.<\/p>\n<a href=\"https:\/\/www.yakasaider.fr\/article\/devis-entretien-jardin\" target=\"_blank\" class=\"yaka-call-button\" >3 devis jardinage gratuits<\/a>\n<div class=\"presta\">\n<div class=\"presta-title\">M.DUVAUX ELAGAGE<\/div>\n<div class=\"presta-addr\">29 Rue de Paris, 91370 Verri\u00e8res-le-Buisson, France<\/div>\n<div class=\"presta-img-container\"><img decoding=\"async\" class=\"presta-img\" src=\"https:\/\/lh5.googleusercontent.com\/p\/AF1QipOnb71NCfWBYYE9zTGO6V4MGFUoaLlWCDCOpl-b=w1920-h1080-k-no\" \/><\/div>\n<div class=\"horaire\"><span class=\"htitle\">Horaires :<\/span><br \/>\n<span class=\"jour\">Lundi : 8h00 \u00e0 19h00<\/span><br \/>\n<span class=\"jour\">Mardi : 8h00 \u00e0 19h00<\/span><br \/>\n<span class=\"jour\">Mercredi : 8h00 \u00e0 19h00<\/span><br \/>\n<span class=\"jour\">Jeudi : 8h00 \u00e0 19h00<\/span><br \/>\n<span class=\"jour\">Vendredi : 8h00 \u00e0 19h00<\/span><br \/>\n<span class=\"jour\">Samedi : 8h00 \u00e0 19h00<\/span><br \/>\n<span class=\"jour\">Dimanche : Ferm\u00e9<\/span><\/div>\n<div class=\"clear\"><\/div>\n<div class=\"presta-contact\"><strong>Contact :<\/strong> 06 12 48 69 66<\/div>\n<div class=\"note-google\"><strong>Note Google : <\/strong>5<\/div>\n<div class=\"presta-description\">\u00ab\u00a0Intervention rapide et efficace r\u00e9alis\u00e9e par des professionnels. Le travail effectu\u00e9 est de grande qualit\u00e9 et conforme \u00e0 mes attentes. Le nettoyage du chantier est exemplaire. Je recommande vivement cette soci\u00e9t\u00e9 et profite de cet avis pour les remercier une fois de plus.\u00a0\u00bb<\/div>\n<div class=\"presta-btn-container\"><a class=\"bouton-site btn btn-warning\" href=\"http:\/\/artisan-duvaux.e-monsite.com\/\" target=\"_blank\" rel=\"noopener\">Site internet<\/a><a class=\"avis btn btn-bleu\" href=\"https:\/\/www.google.com\/maps\/search\/?api=1&#038;query=M.DUVAUX%20ELAGAGE&#038;query_place_id=ChIJU7uWeIl55kcR9v5Dip7k7CI\" target=\"_blank\" rel=\"noopener\">Avis<\/a><\/div>\n<\/div>\n<div class=\"presta\">\n<div class=\"presta-title\">Tony \u00c9lagage<\/div>\n<div class=\"presta-addr\">Pl. Charles de Gaulle, 91370 Verri\u00e8res-le-Buisson, France<\/div>\n<div class=\"presta-img-container\"><img decoding=\"async\" class=\"presta-img\" src=\"https:\/\/lh5.googleusercontent.com\/p\/AF1QipOyPWYV4fDLS0pwi2FGMp55KdK5u3M0-y8dRHBL=w1920-h1080-k-no\" \/><\/div>\n<div class=\"horaire\"><span class=\"htitle\">Horaires :<\/span><br \/>\n<span class=\"jour\">Lundi : 8h00 \u00e0 20h00<\/span><br \/>\n<span class=\"jour\">Mardi : 8h00 \u00e0 20h00<\/span><br \/>\n<span class=\"jour\">Mercredi : 8h00 \u00e0 20h00<\/span><br \/>\n<span class=\"jour\">Jeudi : 8h00 \u00e0 20h00<\/span><br \/>\n<span class=\"jour\">Vendredi : 8h00 \u00e0 20h00<\/span><br \/>\n<span class=\"jour\">Samedi : 8h00 \u00e0 20h00<\/span><br \/>\n<span class=\"jour\">Dimanche : Ferm\u00e9<\/span><\/div>\n<div class=\"clear\"><\/div>\n<div class=\"presta-contact\"><strong>Contact :<\/strong> 06 30 38 17 29<\/div>\n<div class=\"note-google\"><strong>Note Google : <\/strong>4.9<\/div>\n<div class=\"presta-description\">\u00ab\u00a0Nous recommandons pleinement le travail de Tony, qui depuis plusieurs ann\u00e9es entretient notre jardin. Travail rapide et soign\u00e9, dans une atmosph\u00e8re conviviale et sympathique. Le rapport qualit\u00e9-prix est excellent.\u00a0\u00bb<\/div>\n<div class=\"presta-btn-container\"><a class=\"bouton-site btn btn-warning\" href=\"\" target=\"_blank\" rel=\"noopener\">Site internet<\/a><a class=\"avis btn btn-bleu\" href=\"https:\/\/www.google.com\/maps\/search\/?api=1&#038;query=Tony%20%C3%89lagage&#038;query_place_id=ChIJjXN-jdd55kcRxJDt3wUBAxo\" target=\"_blank\" rel=\"noopener\">Avis<\/a><\/div>\n<\/div>\n<div class=\"presta\">\n<div class=\"presta-title\">Desjonqueres Paysages<\/div>\n<div class=\"presta-addr\">15 Rue Marius Hue, 91370 Verri\u00e8res-le-Buisson, France<\/div>\n<div class=\"presta-img-container\"><img decoding=\"async\" class=\"presta-img\" src=\"https:\/\/streetviewpixels-pa.googleapis.com\/v1\/thumbnail?panoid=IOIiP2q8bCkNvXPxtpHsmQ&#038;cb_client=search.gws-prod.gps&#038;w=408&#038;h=240&#038;yaw=307.18753&#038;pitch=0&#038;thumbfov=100\" \/><\/div>\n<div class=\"horaire\"><span class=\"htitle\">Horaires :<\/span><br \/>\n<span class=\"jour\">Lundi : 8h30 \u00e0 12h30, 13h30 \u00e0 18h30<\/span><br \/>\n<span class=\"jour\">Mardi : 8h30 \u00e0 12h30, 13h30 \u00e0 18h30<\/span><br \/>\n<span class=\"jour\">Mercredi : 8h30 \u00e0 12h30, 13h30 \u00e0 18h30<\/span><br \/>\n<span class=\"jour\">Jeudi : 8h30 \u00e0 12h30, 13h30 \u00e0 18h30<\/span><br \/>\n<span class=\"jour\">Vendredi : 8h30 \u00e0 12h30, 13h30 \u00e0 18h30<\/span><br \/>\n<span class=\"jour\">Samedi : Ferm\u00e9<\/span><br \/>\n<span class=\"jour\">Dimanche : Ferm\u00e9<\/span><\/div>\n<div class=\"clear\"><\/div>\n<div class=\"presta-contact\"><strong>Contact :<\/strong> 01 69 20 00 96<\/div>\n<div class=\"note-google\"><strong>Note Google : <\/strong>4.2<\/div>\n<div class=\"presta-description\">\u00ab\u00a0M. Desjonqu\u00e8res est venu chez moi en mars<br \/>\nD\u00e9but juin, je n&rsquo;ai toujours pas re\u00e7u de devis malgr\u00e9 de nombreux appels et relances.<br \/>\nOn me r\u00e9pond toujours \u00ab\u00a0oui oui \u00e7a va arriver\u00a0\u00bb&#8230; Mensonge! J&rsquo;attends toujours&#8230;<br \/>\nEntreprise peu professionnelle (3 mois pour un devis qui ne vient toujours pas!), et peu soucieuse des clients\u00a0\u00bb<\/div>\n<div class=\"presta-btn-container\"><a class=\"bouton-site btn btn-warning\" href=\"http:\/\/www.desjonquerespaysages.com\/\" target=\"_blank\" rel=\"noopener\">Site internet<\/a><a class=\"avis btn btn-bleu\" href=\"https:\/\/www.google.com\/maps\/search\/?api=1&#038;query=Desjonqueres%20Paysages&#038;query_place_id=ChIJwSqRv3F35kcRSsTr38DM-OQ\" target=\"_blank\" rel=\"noopener\">Avis<\/a><\/div>\n<\/div>\n<div class=\"presta\">\n<div class=\"presta-title\">debarre Jericho<\/div>\n<div class=\"presta-addr\">2 Rue Maurice Berteaux, 91370 Verri\u00e8res-le-Buisson, France<\/div>\n<div class=\"presta-img-container\"><img decoding=\"async\" class=\"presta-img\" src=\"https:\/\/lh5.googleusercontent.com\/p\/AF1QipP5GU3GHHxLeCdJ_jPpYnbSZVpv7TGEbIdJ8yk=w1920-h1080-k-no\" \/><\/div>\n<div class=\"horaire\"><span class=\"htitle\">Horaires :<\/span><br \/>\n<span class=\"jour\">Lundi : 7h00 \u00e0 20h00<\/span><br \/>\n<span class=\"jour\">Mardi : 7h00 \u00e0 20h00<\/span><br \/>\n<span class=\"jour\">Mercredi : 7h00 \u00e0 20h00<\/span><br \/>\n<span class=\"jour\">Jeudi : 7h00 \u00e0 20h00<\/span><br \/>\n<span class=\"jour\">Vendredi : 7h00 \u00e0 20h00<\/span><br \/>\n<span class=\"jour\">Samedi : 7h00 \u00e0 20h00<\/span><br \/>\n<span class=\"jour\">Dimanche : Ferm\u00e9<\/span><\/div>\n<div class=\"clear\"><\/div>\n<div class=\"presta-contact\"><strong>Contact :<\/strong> 06 03 04 14 96<\/div>\n<div class=\"note-google\"><strong>Note Google : <\/strong>4.9<\/div>\n<div class=\"presta-description\">\u00ab\u00a0Excellent travail de M. Debarre et son \u00e9quipe. Nos haies ont \u00e9t\u00e9s tr\u00e8s bien taill\u00e9es. Le travail est propre et soign\u00e9. Le nettoyage du jardin a \u00e9t\u00e9 fait apr\u00e8s la taille. Nous sommes tr\u00e8s satisfaits.\u00a0\u00bb<\/div>\n<div class=\"presta-btn-container\"><a class=\"bouton-site btn btn-warning\" href=\"\" target=\"_blank\" rel=\"noopener\">Site internet<\/a><a class=\"avis btn btn-bleu\" href=\"https:\/\/www.google.com\/maps\/search\/?api=1&#038;query=debarre%20Jericho&#038;query_place_id=ChIJL9lgwSl55kcRVehQSmumA8s\" target=\"_blank\" rel=\"noopener\">Avis<\/a><\/div>\n<\/div>\n<div class=\"clear\"><\/div>\n<div class=\"divider\"><\/div>\n<a href=\"https:\/\/www.yakasaider.fr\/article\/devis-entretien-jardin\" target=\"_blank\" class=\"yaka-call-button\" >3 devis jardinage gratuits<\/a>\n<h2><strong><span style=\"color: #0a99cd;\"><a id=\"yakasaider\"><\/a>Profitez de l&rsquo;aide gratuite d&rsquo;un jardinier \u00e0 Verri\u00e8res-le-Buisson avec Yakasaider <\/span><\/strong><\/h2>\n<p>Yakasaider est un site d&rsquo;\u00e9changes de services gratuits entre particuliers. Le but est simple : rendre service \u00e0 un membre vous permet d&rsquo;obtenir des cr\u00e9dits sur votre compteur temps. Vous pourrez alors <strong>utiliser ces cr\u00e9dits pour demander de l&rsquo;aide \u00e0 n&rsquo;importe quel membre de la plateforme (en savoir plus sur <a href=\"https:\/\/www.yakasaider.fr\/comment-ca-marche\/\" target=\"_blank\" rel=\"noopener\">le fonctionnement de Yakasaider<\/a>)<\/strong>.<\/p>\n<p><span style=\"text-decoration: underline;\"><strong><em>\u00c0<\/em> noter :<\/strong><\/span> 2H de cr\u00e9dit vous sont offerts lors de votre 1\u00e8re inscription en remplissant int\u00e9gralement votre profil !<\/p>\n<p>Vous avez besoin d&rsquo;un coup de main pour l&rsquo;entretien de votre jardin \u00e0 Verri\u00e8res-le-Buisson ? <strong>N&rsquo;h\u00e9sitez donc pas \u00e0 contacter un des membres ci-dessous<\/strong>. Si vous n&rsquo;\u00eates pas encore inscrit, vous pouvez le faire <a href=\"https:\/\/www.yakasaider.fr\/members\/inscription\/\" target=\"_blank\" rel=\"noopener\">en cliquant sur ce lien<\/a>.<\/p>\n<form action=\"https:\/\/www.yakasaider.fr\/members\/rechercher\/\" method=\"POST\" id=\"MemberRechercherForm\" ><div class=\"col-md-7\"><label>Service<\/label><select name=\"data[Service][Service]\" id=\"ServiceService\">\r\n                        <option value=\"43\" >Tous les services<\/option>\r\n                        <option value=\"70\" > - -------------------------------------------------<\/option>\r\n                        <option value=\"44\" selected > - Travaux et entretien habitat - JARDIN<\/option>\r\n                        <option value=\"45\" > - Travaux et entretien habitat - PEINTURE<\/option>\r\n                        <option value=\"46\" > - Travaux et entretien habitat - MA\u00c7ONNERIE<\/option>\r\n                        <option value=\"47\" > - Travaux et entretien habitat - PLOMBERIE<\/option>\r\n                        <option value=\"48\" > - Travaux et entretien habitat - ELECTRICIT\u00c9<\/option>\r\n                        <option value=\"49\" > - Travaux et entretien habitat - AUTRES<\/option>\r\n                        <option value=\"72\" > - --------------------------------------------------<\/option>\r\n                        <option value=\"50\" > - Bricolage - MONTER UN MEUBLE EN KIT<\/option>\r\n                        <option value=\"52\" > - Bricolage - REPARATIONS<\/option>\r\n                        <option value=\"51\" > - Bricolage - PETITS TRAVAUX MANUELS<\/option>\r\n                        <option value=\"53\" > - Bricolage - AUTRES<\/option>\r\n                        <option value=\"73\" > - --------------------------------------------------<\/option>\r\n                        <option value=\"54\" > - D\u00e9m\u00e9nagement - AIDE D\u00c9M\u00c9NAGEMENT<\/option>\r\n                        <option value=\"56\" > - D\u00e9m\u00e9nagement - AUTRES<\/option>\r\n                        <option value=\"74\" > - --------------------------------------------------<\/option>\r\n                        <option value=\"57\" > - Baby-sitting - GARDE D'ENFANT<\/option>\r\n                        <option value=\"58\" > - Baby-sitting - ACCOMPAGNEMENT \u00c9COLE OU ACTIVIT\u00c9<\/option>\r\n                        <option value=\"59\" > - Baby-sitting - AUTRES<\/option>\r\n                        <option value=\"75\" > - --------------------------------------------------<\/option>\r\n                        <option value=\"60\" > - Animaux - GARDE D'ANIMAUX<\/option>\r\n                        <option value=\"61\" > - Animaux - PROMENADE D'ANIMAUX<\/option>\r\n                        <option value=\"62\" > - Animaux - TOILETTAGE<\/option>\r\n                        <option value=\"63\" > - Animaux - AUTRES<\/option>\r\n                        <option value=\"76\" > - --------------------------------------------<\/option>\r\n                        <option value=\"64\" > - Aide m\u00e9nag\u00e8re - NETTOYAGE<\/option>\r\n                        <option value=\"65\" > - Aide m\u00e9nag\u00e8re - REPASSAGE<\/option>\r\n                        <option value=\"66\" > - Aide m\u00e9nag\u00e8re - AUTRES<\/option>\r\n                        <option value=\"77\" > - ---------------------------------------------<\/option>\r\n                        <option value=\"99\" > - Automobile - VIDANGE<\/option>\r\n                        <option value=\"100\"> - Automobile - NETTOYAGE<\/option>\r\n                        <option value=\"101\"> - Automobile - CHANGEMENT DE PI\u00c8CES<\/option>\r\n                        <option value=\"102\"> - Automobile - AUTRES<\/option>\r\n                        <option value=\"78\"> - -----------------------------------------------<\/option>\r\n                        <option value=\"67\" > - Cours particuliers - MUSIQUE<\/option>\r\n                        <option value=\"68\" > - Cours particuliers - LANGUES<\/option>\r\n                        <option value=\"69\" > - Cours particuliers - MATI\u00c8RES SCIENTIFIQUES<\/option>\r\n                        <option value=\"71\" > - Cours particuliers - AUTRES<\/option>\r\n                        <option value=\"84\" > - ---------------------------------------------<\/option>\r\n                        <option value=\"79\" > - Coaching \/ Conseils - SPORT <\/option>\r\n                        <option value=\"80\" > - Coaching \/ Conseils - CUISINE<\/option>\r\n                        <option value=\"81\" > - Coaching \/ Conseils - DECO<\/option>\r\n                        <option value=\"82\" > - Coaching \/ Conseils - JEUX<\/option>\r\n                        <option value=\"83\" > - Coaching \/ Conseils - AUTRES<\/option>\r\n                        <option value=\"90\" > - ------------------------------------------<\/option>\r\n                        <option value=\"87\" > - Soins beaut\u00e9 - MASSAGE<\/option>\r\n                        <option value=\"85\" > - Soins beaut\u00e9 - COIFFURE<\/option>\r\n                        <option value=\"86\" > - Soins beaut\u00e9 - MANUCURE<\/option>\r\n                        <option value=\"88\" > - Soins beaut\u00e9 - EPILATION<\/option>\r\n                        <option value=\"89\" > - Soins beaut\u00e9 - AUTRES<\/option>\r\n                        <option value=\"94\" > - --------------------------------------------<\/option>\r\n                        <option value=\"91\" > - Courses - FAIRE LES COURSES A PARTIR D'UNE LISTE<\/option>\r\n                        <option value=\"92\" > - Courses - D\u00c9MARCHES ADMINISTRATIVES<\/option>\r\n                        <option value=\"93\" > - Courses - AUTRES<\/option>\r\n                        <option value=\"98\" > - -----------------------------------------<\/option>\r\n                        <option value=\"95\" > - Absences \/ Vacances - ARROSER LE JARDIN<\/option>\r\n                        <option value=\"96\" > - Absences \/ Vacances - EFFECTUER DES RONDES<\/option>\r\n                        <option value=\"97\" > - Absences \/ Vacances - AUTRES<\/option>\r\n                        <option value=\"103\"> - ------------------------------------------<\/option>\r\n                        <option value=\"104\" > - Informatique - RESOLUTION DE PROBL\u00c8MES<\/option>\r\n                        <option value=\"105\" > - Informatique - REDACTION DE DOCUMENTS<\/option>\r\n                        <option value=\"106\" > - Informatique - AUTRES<\/option>\r\n                        <option value=\"107\"> - ----------------------------------------<\/option>\r\n                        <option value=\"108\" > - Festivit\u00e9s - ANIMATION MUSICALE<\/option>\r\n                        <option value=\"109\" > - Festivit\u00e9s - AIDE A LA PR\u00c9PARATION D'UNE F\u00caTE<\/option>\r\n                        <option value=\"110\" > - Festivit\u00e9s - AUTRES<\/option>\r\n                        <option value=\"111\"> - -----------------------------------------------<\/option>\r\n                        <option value=\"112\"  > - Autres<\/option>\r\n                    <\/select><\/div><div class=\"col-md-3 \"><label>Ville<\/label><input name=\"data[Member][ville]\" class=\"ac_input ui-autocomplete-input\" maxlength=\"100\" type=\"text\" value=\"Verri\u00e8res-le-Buisson-91370\" id=\"MemberVille\" autocomplete=\"off\"><ul class=\"autocompleteSuggestion\"><\/ul><\/div><div class=\"col-md-2\"><input type=\"submit\" value=\"Rechercher\" class=\"btn btn-primary\" data-loading-text=\"Chargement...\"><\/div><div class=\"clear\"><\/div><\/form><div class=\"resultats\"><div class=\"columns\" style=\"\"><div class=\"column member team-item \" ><a href=\"\/members\/profil\/44306\" class=\"thumb-info\" target=\"_blank\"><img decoding=\"async\" src=\"https:\/\/www.lentente.fr\/uploads\/members\/1687892910.jpg\" height=\"220\" \/><span class=\"thumb-info-inner\">Valerie A.<\/span><span class=\"thumb-info-type\">01140 - St didier sur chalaronne<\/span><\/a><blockquote style=\"\"><\/blockquote><\/div><div class=\"column service\" >  <a href=\"\/member\/messages\/contacter\/44306\" class=\"btn btn-warning\"  target=\"_blank\">Contacter Valerie<\/a><a href=\"\/members\/profil\/44306\" class=\"btn btn-bleu\" target=\"_blank\">Son profil<\/a><\/div><\/div><div class=\"columns\" style=\"\"><div class=\"column member team-item \" ><a href=\"\/members\/profil\/44112\" class=\"thumb-info\" target=\"_blank\"><img decoding=\"async\" src=\"https:\/\/www.lentente.fr\/images\/logo-femme.png\" height=\"220\" \/><span class=\"thumb-info-inner\">Franck A.<\/span><span class=\"thumb-info-type\">95370 - Montigny les cormeilles<\/span><\/a><blockquote style=\"\"><\/blockquote><\/div><div class=\"column service\" >  <a href=\"\/member\/messages\/contacter\/44112\" class=\"btn btn-warning\"  target=\"_blank\">Contacter Franck<\/a><a href=\"\/members\/profil\/44112\" class=\"btn btn-bleu\" target=\"_blank\">Son profil<\/a><\/div><\/div><div class=\"columns\" style=\"\"><div class=\"column member team-item \" ><a href=\"\/members\/profil\/43211\" class=\"thumb-info\" target=\"_blank\"><img decoding=\"async\" src=\"https:\/\/www.lentente.fr\/uploads\/members\/1661425813.jpg\" height=\"220\" \/><span class=\"thumb-info-inner\">Marion M.<\/span><span class=\"thumb-info-type\">92170 - Vanves<\/span><\/a><blockquote style=\"\">Mon conjoint Sylvain vous propose de vous aider dans l'entretien du jardin. Originaire de la campagne, il a l'habitude de s'occuper du jardin chez nous comme chez...<\/blockquote><\/div><div class=\"column service\" >  <a href=\"\/member\/messages\/contacter\/43211\" class=\"btn btn-warning\"  target=\"_blank\">Contacter Marion<\/a><a href=\"\/members\/profil\/43211\" class=\"btn btn-bleu\" target=\"_blank\">Son profil<\/a><\/div><\/div><div class=\"columns\" style=\"\"><div class=\"column member team-item \" ><a href=\"\/members\/profil\/42824\" class=\"thumb-info\" target=\"_blank\"><img decoding=\"async\" src=\"https:\/\/www.lentente.fr\/uploads\/members\/1652886007.jpg\" height=\"220\" \/><span class=\"thumb-info-inner\">Reda B.<\/span><span class=\"thumb-info-type\">93400 - Courbevoie<\/span><\/a><blockquote style=\"\"><\/blockquote><\/div><div class=\"column service\" >  <a href=\"\/member\/messages\/contacter\/42824\" class=\"btn btn-warning\"  target=\"_blank\">Contacter Reda<\/a><a href=\"\/members\/profil\/42824\" class=\"btn btn-bleu\" target=\"_blank\">Son profil<\/a><\/div><\/div><div class=\"columns\" style=\"\"><div class=\"column member team-item \" ><a href=\"\/members\/profil\/41790\" class=\"thumb-info\" target=\"_blank\"><img decoding=\"async\" src=\"https:\/\/www.lentente.fr\/uploads\/members\/1639814464.jpg\" height=\"220\" \/><span class=\"thumb-info-inner\">COMBEPINE A.<\/span><span class=\"thumb-info-type\">75017 - Paris<\/span><\/a><blockquote style=\"\"><\/blockquote><\/div><div class=\"column service\" >  <a href=\"\/member\/messages\/contacter\/41790\" class=\"btn btn-warning\"  target=\"_blank\">Contacter COMBEPINE<\/a><a href=\"\/members\/profil\/41790\" class=\"btn btn-bleu\" target=\"_blank\">Son profil<\/a><\/div><\/div><div class=\"columns\" style=\"\"><div class=\"column member team-item \" ><a href=\"\/members\/profil\/41359\" class=\"thumb-info\" target=\"_blank\"><img decoding=\"async\" src=\"https:\/\/www.lentente.fr\/uploads\/members\/1621942014.jpg\" height=\"220\" \/><span class=\"thumb-info-inner\">Sarra L.<\/span><span class=\"thumb-info-type\">93200 - St denis<\/span><\/a><blockquote style=\"\"><\/blockquote><\/div><div class=\"column service\" >  <a href=\"\/member\/messages\/contacter\/41359\" class=\"btn btn-warning\"  target=\"_blank\">Contacter Sarra<\/a><a href=\"\/members\/profil\/41359\" class=\"btn btn-bleu\" target=\"_blank\">Son profil<\/a><\/div><\/div><div class=\"columns\" style=\"\"><div class=\"column member team-item \" ><a href=\"\/members\/profil\/40451\" class=\"thumb-info\" target=\"_blank\"><img decoding=\"async\" src=\"https:\/\/www.lentente.fr\/uploads\/members\/1664628168.jpg\" height=\"220\" \/><span class=\"thumb-info-inner\">Ludivine T.<\/span><span class=\"thumb-info-type\">91100 - Corbeil essonnes<\/span><\/a><blockquote style=\"\"><\/blockquote><\/div><div class=\"column service\" >  <a href=\"\/member\/messages\/contacter\/40451\" class=\"btn btn-warning\"  target=\"_blank\">Contacter Ludivine<\/a><a href=\"\/members\/profil\/40451\" class=\"btn btn-bleu\" target=\"_blank\">Son profil<\/a><\/div><\/div><div class=\"columns\" style=\"\"><div class=\"column member team-item \" ><a href=\"\/members\/profil\/39458\" class=\"thumb-info\" target=\"_blank\"><img decoding=\"async\" src=\"https:\/\/www.lentente.fr\/uploads\/members\/1595581175.png\" height=\"220\" \/><span class=\"thumb-info-inner\">Josue D.<\/span><span class=\"thumb-info-type\">91090 - Lisses<\/span><\/a><blockquote style=\"\">Bonjour Je suis Elagueur professionnel je propose mes services pour l\u2019entretien de votre jardin\r\n\u00c9lagage \r\nAbattage \r\n\u00c9t\u00eatage\r\nTaille de haies en tout genre\r\nD\u00e9br...<\/blockquote><\/div><div class=\"column service\" >  <a href=\"\/member\/messages\/contacter\/39458\" class=\"btn btn-warning\"  target=\"_blank\">Contacter Josue<\/a><a href=\"\/members\/profil\/39458\" class=\"btn btn-bleu\" target=\"_blank\">Son profil<\/a><\/div><\/div><div class=\"columns\" style=\"\"><div class=\"column member team-item \" ><a href=\"\/members\/profil\/39013\" class=\"thumb-info\" target=\"_blank\"><img decoding=\"async\" src=\"https:\/\/www.lentente.fr\/images\/logo-homme.png\" height=\"220\" \/><span class=\"thumb-info-inner\">Daniel  B.<\/span><span class=\"thumb-info-type\">69520 - Grigny<\/span><\/a><blockquote style=\"\"><\/blockquote><\/div><div class=\"column service\" >  <a href=\"\/member\/messages\/contacter\/39013\" class=\"btn btn-warning\"  target=\"_blank\">Contacter Daniel <\/a><a href=\"\/members\/profil\/39013\" class=\"btn btn-bleu\" target=\"_blank\">Son profil<\/a><\/div><\/div><div class=\"columns\" style=\"\"><div class=\"column member team-item \" ><a href=\"\/members\/profil\/37608\" class=\"thumb-info\" target=\"_blank\"><img decoding=\"async\" src=\"https:\/\/www.lentente.fr\/uploads\/members\/1564676179.jpg\" height=\"220\" \/><span class=\"thumb-info-inner\">VIOLE V.<\/span><span class=\"thumb-info-type\">92340 - <\/span><\/a><blockquote style=\"\">tailler des haies \/ tailler des rosiers \/ tondre  pelouse <\/blockquote><\/div><div class=\"column service\" >  <a href=\"\/member\/messages\/contacter\/37608\" class=\"btn btn-warning\"  target=\"_blank\">Contacter VIOLE<\/a><a href=\"\/members\/profil\/37608\" class=\"btn btn-bleu\" target=\"_blank\">Son profil<\/a><\/div><\/div><div class=\"columns\" style=\"\"><div class=\"column member team-item \" ><a href=\"\/members\/profil\/37350\" class=\"thumb-info\" target=\"_blank\"><img decoding=\"async\" src=\"https:\/\/www.lentente.fr\/images\/logo-femme.png\" height=\"220\" \/><span class=\"thumb-info-inner\">Aur\u00e9lie  D.<\/span><span class=\"thumb-info-type\">75020 - Paris<\/span><\/a><blockquote style=\"\">Nombreuses ann\u00e9es d'exp\u00e9rience dans le domaine v\u00e9g\u00e9tal, jardins, terrasses et balcons...<\/blockquote><\/div><div class=\"column service\" >  <a href=\"\/member\/messages\/contacter\/37350\" class=\"btn btn-warning\"  target=\"_blank\">Contacter Aur\u00e9lie <\/a><a href=\"\/members\/profil\/37350\" class=\"btn btn-bleu\" target=\"_blank\">Son profil<\/a><\/div><\/div><div class=\"columns\" style=\"\"><div class=\"column member team-item \" ><a href=\"\/members\/profil\/36644\" class=\"thumb-info\" target=\"_blank\"><img decoding=\"async\" src=\"https:\/\/www.lentente.fr\/images\/logo-femme.png\" height=\"220\" \/><span class=\"thumb-info-inner\">Francoise D.<\/span><span class=\"thumb-info-type\">78140 - Velizy villacoublay<\/span><\/a><blockquote style=\"\"><\/blockquote><\/div><div class=\"column service\" >  <a href=\"\/member\/messages\/contacter\/36644\" class=\"btn btn-warning\"  target=\"_blank\">Contacter Francoise<\/a><a href=\"\/members\/profil\/36644\" class=\"btn btn-bleu\" target=\"_blank\">Son profil<\/a><\/div><\/div><div class=\"columns\" style=\"\"><div class=\"column member team-item \" ><a href=\"\/members\/profil\/36305\" class=\"thumb-info\" target=\"_blank\"><img decoding=\"async\" src=\"https:\/\/www.lentente.fr\/uploads\/members\/1547037186.jpg\" height=\"220\" \/><span class=\"thumb-info-inner\">Laetitia J.<\/span><span class=\"thumb-info-type\">94120 - Fontenay sous bois<\/span><\/a><blockquote style=\"\"><\/blockquote><\/div><div class=\"column service\" >  <a href=\"\/member\/messages\/contacter\/36305\" class=\"btn btn-warning\"  target=\"_blank\">Contacter Laetitia<\/a><a href=\"\/members\/profil\/36305\" class=\"btn btn-bleu\" target=\"_blank\">Son profil<\/a><\/div><\/div><div class=\"columns\" style=\"\"><div class=\"column member team-item \" ><a href=\"\/members\/profil\/36099\" class=\"thumb-info\" target=\"_blank\"><img decoding=\"async\" src=\"https:\/\/www.lentente.fr\/uploads\/members\/1543842619.jpeg\" height=\"220\" \/><span class=\"thumb-info-inner\">Isma\u00efl A.<\/span><span class=\"thumb-info-type\">93000 - Bobigny<\/span><\/a><blockquote style=\"\"><\/blockquote><\/div><div class=\"column service\" >  <a href=\"\/member\/messages\/contacter\/36099\" class=\"btn btn-warning\"  target=\"_blank\">Contacter Isma\u00efl<\/a><a href=\"\/members\/profil\/36099\" class=\"btn btn-bleu\" target=\"_blank\">Son profil<\/a><\/div><\/div><div class=\"columns\" style=\"\"><div class=\"column member team-item \" ><a href=\"\/members\/profil\/35497\" class=\"thumb-info\" target=\"_blank\"><img decoding=\"async\" src=\"https:\/\/www.lentente.fr\/uploads\/members\/1537026618.png\" height=\"220\" \/><span class=\"thumb-info-inner\">Ryan B.<\/span><span class=\"thumb-info-type\">77510 - Villeneuve sur bellot<\/span><\/a><blockquote style=\"\">Je peux aider pour tout, je suis en recherche de connaissances (\u00e9cologique et produits bio avant tout dans l'entretien du jardin).<\/blockquote><\/div><div class=\"column service\" >  <a href=\"\/member\/messages\/contacter\/35497\" class=\"btn btn-warning\"  target=\"_blank\">Contacter Ryan<\/a><a href=\"\/members\/profil\/35497\" class=\"btn btn-bleu\" target=\"_blank\">Son profil<\/a><\/div><\/div><div class=\"columns\" style=\"\"><div class=\"column member team-item \" ><a href=\"\/members\/profil\/34719\" class=\"thumb-info\" target=\"_blank\"><img decoding=\"async\" src=\"https:\/\/www.lentente.fr\/images\/logo-homme.png\" height=\"220\" \/><span class=\"thumb-info-inner\">Yacine F.<\/span><span class=\"thumb-info-type\">95190 - Goussainville<\/span><\/a><blockquote style=\"\">Auto-entrepreneur Professionnel Bricolage\r\n<\/blockquote><\/div><div class=\"column service\" >  <a href=\"\/member\/messages\/contacter\/34719\" class=\"btn btn-warning\"  target=\"_blank\">Contacter Yacine<\/a><a href=\"\/members\/profil\/34719\" class=\"btn btn-bleu\" target=\"_blank\">Son profil<\/a><\/div><\/div><div class=\"columns\" style=\"\"><div class=\"column member team-item \" ><a href=\"\/members\/profil\/31598\" class=\"thumb-info\" target=\"_blank\"><img decoding=\"async\" src=\"https:\/\/www.lentente.fr\/uploads\/members\/1502573914.jpg\" height=\"220\" \/><span class=\"thumb-info-inner\">S\u00e9verine M.<\/span><span class=\"thumb-info-type\">91140 - Villebon sur yvette<\/span><\/a><blockquote style=\"\"><\/blockquote><\/div><div class=\"column service\" >  <a href=\"\/member\/messages\/contacter\/31598\" class=\"btn btn-warning\"  target=\"_blank\">Contacter S\u00e9verine<\/a><a href=\"\/members\/profil\/31598\" class=\"btn btn-bleu\" target=\"_blank\">Son profil<\/a><\/div><\/div><div class=\"columns\" style=\"\"><div class=\"column member team-item \" ><a href=\"\/members\/profil\/30847\" class=\"thumb-info\" target=\"_blank\"><img decoding=\"async\" src=\"https:\/\/www.lentente.fr\/uploads\/members\/1497509069.png\" height=\"220\" \/><span class=\"thumb-info-inner\">Benjamin C.<\/span><span class=\"thumb-info-type\">93250 - Villemomble<\/span><\/a><blockquote style=\"\">BonJour je peut vous aidez pour la tonte de vos pelouse ainsi que de vos haies <\/blockquote><\/div><div class=\"column service\" >  <a href=\"\/member\/messages\/contacter\/30847\" class=\"btn btn-warning\"  target=\"_blank\">Contacter Benjamin<\/a><a href=\"\/members\/profil\/30847\" class=\"btn btn-bleu\" target=\"_blank\">Son profil<\/a><\/div><\/div><div class=\"columns\" style=\"\"><div class=\"column member team-item \" ><a href=\"\/members\/profil\/30823\" class=\"thumb-info\" target=\"_blank\"><img decoding=\"async\" src=\"https:\/\/www.lentente.fr\/uploads\/members\/1497553668.png\" height=\"220\" \/><span class=\"thumb-info-inner\">Alain F.<\/span><span class=\"thumb-info-type\">91460 - Marcoussis<\/span><\/a><blockquote style=\"\">J'ai l'exp\u00e9rience, l'\u00e9nergie et le s\u00e9rieux pour m'occuper des jardins de particuliers. De confiance, je suis mobile et je poss\u00e8de mon mat\u00e9riel.<\/blockquote><\/div><div class=\"column service\" >  <a href=\"\/member\/messages\/contacter\/30823\" class=\"btn btn-warning\"  target=\"_blank\">Contacter Alain<\/a><a href=\"\/members\/profil\/30823\" class=\"btn btn-bleu\" target=\"_blank\">Son profil<\/a><\/div><\/div><div class=\"columns\" style=\"\"><div class=\"column member team-item \" ><a href=\"\/members\/profil\/28926\" class=\"thumb-info\" target=\"_blank\"><img decoding=\"async\" src=\"https:\/\/www.lentente.fr\/images\/logo-homme.png\" height=\"220\" \/><span class=\"thumb-info-inner\">Jerome H.<\/span><span class=\"thumb-info-type\">92500 - Rueil malmaison<\/span><\/a><blockquote style=\"\">je suis jardinier depuis 3 ans<\/blockquote><\/div><div class=\"column service\" >  <a href=\"\/member\/messages\/contacter\/28926\" class=\"btn btn-warning\"  target=\"_blank\">Contacter Jerome<\/a><a href=\"\/members\/profil\/28926\" class=\"btn btn-bleu\" target=\"_blank\">Son profil<\/a><\/div><\/div><div class=\"columns\" style=\"\"><div class=\"column member team-item \" ><a href=\"\/members\/profil\/28784\" class=\"thumb-info\" target=\"_blank\"><img decoding=\"async\" src=\"https:\/\/www.lentente.fr\/uploads\/members\/1570051176.png\" height=\"220\" \/><span class=\"thumb-info-inner\">Sofiane A.<\/span><span class=\"thumb-info-type\">92100 - Boulogne billancourt<\/span><\/a><blockquote style=\"\">Arrosage et entretien normal de plantes et\/ou jardinet <\/blockquote><\/div><div class=\"column service\" >  <a href=\"\/member\/messages\/contacter\/28784\" class=\"btn btn-warning\"  target=\"_blank\">Contacter Sofiane<\/a><a href=\"\/members\/profil\/28784\" class=\"btn btn-bleu\" target=\"_blank\">Son profil<\/a><\/div><\/div><div class=\"columns\" style=\"\"><div class=\"column member team-item \" ><a href=\"\/members\/profil\/28379\" class=\"thumb-info\" target=\"_blank\"><img decoding=\"async\" src=\"https:\/\/www.lentente.fr\/uploads\/members\/1484165565.png\" height=\"220\" \/><span class=\"thumb-info-inner\">Laurent G.<\/span><span class=\"thumb-info-type\">91440 - Bures sur yvette<\/span><\/a><blockquote style=\"\">Je me tiens \u00e0 votre disposition pour une aide dans votre jardin. Je ne dispose pas de mat\u00e9riel mais des bras et du savoir-faire ?.<\/blockquote><\/div><div class=\"column service\" >  <a href=\"\/member\/messages\/contacter\/28379\" class=\"btn btn-warning\"  target=\"_blank\">Contacter Laurent<\/a><a href=\"\/members\/profil\/28379\" class=\"btn btn-bleu\" target=\"_blank\">Son profil<\/a><\/div><\/div><div class=\"columns\" style=\"\"><div class=\"column member team-item \" ><a href=\"\/members\/profil\/27384\" class=\"thumb-info\" target=\"_blank\"><img decoding=\"async\" src=\"https:\/\/www.lentente.fr\/images\/logo-femme.png\" height=\"220\" \/><span class=\"thumb-info-inner\">Geraldine P.<\/span><span class=\"thumb-info-type\">91190 - St aubin<\/span><\/a><blockquote style=\"\"><\/blockquote><\/div><div class=\"column service\" >  <a href=\"\/member\/messages\/contacter\/27384\" class=\"btn btn-warning\"  target=\"_blank\">Contacter Geraldine<\/a><a href=\"\/members\/profil\/27384\" class=\"btn btn-bleu\" target=\"_blank\">Son profil<\/a><\/div><\/div><div class=\"columns\" style=\"\"><div class=\"column member team-item \" ><a href=\"\/members\/profil\/26964\" class=\"thumb-info\" target=\"_blank\"><img decoding=\"async\" src=\"https:\/\/www.lentente.fr\/uploads\/members\/1477733229.jpeg\" height=\"220\" \/><span class=\"thumb-info-inner\">Fred T.<\/span><span class=\"thumb-info-type\">78500 - Sartrouville<\/span><\/a><blockquote style=\"\"><\/blockquote><\/div><div class=\"column service\" >  <a href=\"\/member\/messages\/contacter\/26964\" class=\"btn btn-warning\"  target=\"_blank\">Contacter Fred<\/a><a href=\"\/members\/profil\/26964\" class=\"btn btn-bleu\" target=\"_blank\">Son profil<\/a><\/div><\/div><div class=\"columns\" style=\"\"><div class=\"column member team-item \" ><a href=\"\/members\/profil\/26896\" class=\"thumb-info\" target=\"_blank\"><img decoding=\"async\" src=\"https:\/\/www.lentente.fr\/images\/logo-homme.png\" height=\"220\" \/><span class=\"thumb-info-inner\">Lari B.<\/span><span class=\"thumb-info-type\">77420 - Champs sur marne<\/span><\/a><blockquote style=\"\"><\/blockquote><\/div><div class=\"column service\" >  <a href=\"\/member\/messages\/contacter\/26896\" class=\"btn btn-warning\"  target=\"_blank\">Contacter Lari<\/a><a href=\"\/members\/profil\/26896\" class=\"btn btn-bleu\" target=\"_blank\">Son profil<\/a><\/div><\/div><div class=\"columns\" style=\"\"><div class=\"column member team-item \" ><a href=\"\/members\/profil\/25251\" class=\"thumb-info\" target=\"_blank\"><img decoding=\"async\" src=\"https:\/\/www.lentente.fr\/images\/logo-femme.png\" height=\"220\" \/><span class=\"thumb-info-inner\">Am\u00e9lie A.<\/span><span class=\"thumb-info-type\">92160 - Antony<\/span><\/a><blockquote style=\"\">Arrosage, tonte de pelouse<\/blockquote><\/div><div class=\"column service\" >  <a href=\"\/member\/messages\/contacter\/25251\" class=\"btn btn-warning\"  target=\"_blank\">Contacter Am\u00e9lie<\/a><a href=\"\/members\/profil\/25251\" class=\"btn btn-bleu\" target=\"_blank\">Son profil<\/a><\/div><\/div><div class=\"columns\" style=\"\"><div class=\"column member team-item \" ><a href=\"\/members\/profil\/24722\" class=\"thumb-info\" target=\"_blank\"><img decoding=\"async\" src=\"https:\/\/www.lentente.fr\/images\/logo-homme.png\" height=\"220\" \/><span class=\"thumb-info-inner\">Jacky G.<\/span><span class=\"thumb-info-type\">77270 - Villeparisis<\/span><\/a><blockquote style=\"\">passer la tondeuse,entretenir les plantes,semer les graines pour une repousse de l'herbe<\/blockquote><\/div><div class=\"column service\" >  <a href=\"\/member\/messages\/contacter\/24722\" class=\"btn btn-warning\"  target=\"_blank\">Contacter Jacky<\/a><a href=\"\/members\/profil\/24722\" class=\"btn btn-bleu\" target=\"_blank\">Son profil<\/a><\/div><\/div><div class=\"columns\" style=\"\"><div class=\"column member team-item \" ><a href=\"\/members\/profil\/23333\" class=\"thumb-info\" target=\"_blank\"><img decoding=\"async\" src=\"https:\/\/www.lentente.fr\/uploads\/members\/1467021565.png\" height=\"220\" \/><span class=\"thumb-info-inner\">Justine V.<\/span><span class=\"thumb-info-type\">75013 - Paris<\/span><\/a><blockquote style=\"\">En \u00e9change d'initiation au solf\u00e8ge\/piano (je suis r\u00e9ellement motiv\u00e9 et j'ai depuis toujours eu l'envie de pratiquer le piano, mais n'ai pu le faire par manque de ...<\/blockquote><\/div><div class=\"column service\" >  <a href=\"\/member\/messages\/contacter\/23333\" class=\"btn btn-warning\"  target=\"_blank\">Contacter Justine<\/a><a href=\"\/members\/profil\/23333\" class=\"btn btn-bleu\" target=\"_blank\">Son profil<\/a><\/div><\/div><div class=\"columns\" style=\"\"><div class=\"column member team-item \" ><a href=\"\/members\/profil\/23213\" class=\"thumb-info\" target=\"_blank\"><img decoding=\"async\" src=\"https:\/\/www.lentente.fr\/images\/logo-homme.png\" height=\"220\" \/><span class=\"thumb-info-inner\">Jean Marc R.<\/span><span class=\"thumb-info-type\">95150 - Taverny<\/span><\/a><blockquote style=\"\"><\/blockquote><\/div><div class=\"column service\" >  <a href=\"\/member\/messages\/contacter\/23213\" class=\"btn btn-warning\"  target=\"_blank\">Contacter Jean Marc<\/a><a href=\"\/members\/profil\/23213\" class=\"btn btn-bleu\" target=\"_blank\">Son profil<\/a><\/div><\/div><div class=\"columns\" style=\"\"><div class=\"column member team-item \" ><a href=\"\/members\/profil\/22733\" class=\"thumb-info\" target=\"_blank\"><img decoding=\"async\" src=\"https:\/\/www.lentente.fr\/images\/logo-homme.png\" height=\"220\" \/><span class=\"thumb-info-inner\">Thomas D.<\/span><span class=\"thumb-info-type\">44170 - Nozay<\/span><\/a><blockquote style=\"\">Bonjour,\r\n\r\nJ'ai 35 ans et je suis jardinier professionnel depuis plusieurs ann\u00e9es. Je travaille chez des particuliers. En \u00e9change de mes services (taille de haie...<\/blockquote><\/div><div class=\"column service\" >  <a href=\"\/member\/messages\/contacter\/22733\" class=\"btn btn-warning\"  target=\"_blank\">Contacter Thomas<\/a><a href=\"\/members\/profil\/22733\" class=\"btn btn-bleu\" target=\"_blank\">Son profil<\/a><\/div><\/div><\/div><div class=\"clear\"><\/div><script type=\"text\/javascript\" src=\"https:\/\/www.lentente.fr\/article\/\/wp-content\/themes\/u-design\/scripts\/jquery-paginate.min.js\"><\/script><script type=\"text\/javascript\">if(typeof($) === \"undefined\" ) { var $ = jQuery; }$(document).ready(function(){\r\n        $(\".ac_input\").on(\"keyup\", function(){\r\n\r\n            var term = $(\".ac_input\").val();\r\n            if(term.length > 1) {\r\n                var service = \"https:\/\/www.lentente.fr\/communes\/autocomplete?term=\"+term;\r\n                $.ajax({\r\n                    url : service\r\n                }).success(function(data){\r\n                    $(\".autocompleteSuggestion li\").remove();\r\n                    $(\".autocompleteSuggestion\").show();\r\n                    var response = JSON.parse(data);\r\n                    if(response[0] !== \"Pas de r\u00e9sultats\") {\r\n                        for ( var i = 0; i < response.length ; i++ ){\r\n                          $(\".autocompleteSuggestion\").append(\"<li>\"+response[i]+\"<\/li>\");\r\n                        }\r\n                    }\r\n                });\r\n            }\r\n        });\r\n\r\n        $(document).on(\"click\", \".autocompleteSuggestion li\", function(e){\r\n            e.preventDefault();\r\n            var text = $(this).text(); \r\n            $(\".autocompleteSuggestion\").hide();\r\n            $(\".ac_input\").val(text);\r\n            \r\n        });\r\n        $(\".resultats\").paginate({childrenSelector:\".columns\" , limit:6});\r\n\r\n    });<\/script>\n<div class=\"divider\"><\/div>\n<h2><strong><span style=\"color: #0a99cd;\"><a id=\"choisir\"><\/a>Entretien jardin : comment choisir un jardinier \u00e0 Verri\u00e8res-le-Buisson ?<\/span><\/strong><\/h2>\n<p>Situ\u00e9e dans la r\u00e9gion \u00cele-de-France, Verri\u00e8res-le-Buisson b\u00e9n\u00e9ficie d&rsquo;un climat temp\u00e9r\u00e9 qui oscille entre des \u00e9t\u00e9s doux et des hivers relativement froids. Ce climat unique offre un environnement propice pour une vari\u00e9t\u00e9 de plantes, mais cela n\u00e9cessite \u00e9galement un entretien de jardin sp\u00e9cifique pour maintenir leur \u00e9clat tout au long de l&rsquo;ann\u00e9e. Qu&rsquo;il s&rsquo;agisse de la taille des arbres, de l&rsquo;entretien des pelouses ou de la conception paysagiste, choisir un jardinier \u00e0 Verri\u00e8res-le-Buisson peut s&rsquo;av\u00e9rer \u00eatre une t\u00e2che d\u00e9licate. Dans cet article, nous allons vous guider sur comment s\u00e9lectionner le meilleur jardinier ou paysagiste qui saura r\u00e9pondre aux besoins sp\u00e9cifiques de votre jardin en fonction des conditions m\u00e9t\u00e9orologiques de Verri\u00e8res-le-Buisson.<\/p>\n<p>Pour avoir un jardin bien entretenu, on peut donc avoir besoin d&rsquo;un paysagiste ou d&rsquo;un jardinier \u00e0 domicile. \u00c0 travers notre guide, nous proposons <strong>trois solutions pour vous accompagner<\/strong> :<\/p>\n\n<ul class=\"list-13\">\n<li><strong>Initiez votre projet en demandant <a href=\"https:\/\/www.yakasaider.fr\/article\/devis\/\" target=\"_blank\" rel=\"noopener\">trois devis gratuits<\/a><\/strong> afin de s\u00e9lectionner le prestataire local qu&rsquo;il vous faut.<\/li>\n<li><strong>Explorez <a href=\"#prestataire\">notre liste des quatre meilleurs jardiniers \u00e0 Verri\u00e8res-le-Buisson <\/a><\/strong>, tri\u00e9s sur le volet pour leur expertise, des avis positifs et leur connaissance approfondie de l&rsquo;entretien jardin \u00e0 Verri\u00e8res-le-Buisson.<\/li>\n<li>Pour ceux qui pr\u00e9f\u00e8rent une approche communautaire, <strong><a href=\"#yakasaider\">sollicitez l&rsquo;assistance gratuite d&rsquo;un membre de Yakasaider<\/a> qui a la main verte<\/strong>.<\/li>\n<\/ul>\n\n<p>Chaque option est pens\u00e9e pour r\u00e9pondre \u00e0 vos besoins sp\u00e9cifiques, en harmonie avec les rythmes et les exigences de l&rsquo;entretien jardin et des am\u00e9nagement d&rsquo;un espace vert \u00e0 Verri\u00e8res-le-Buisson en \u00cele-de-France.<\/p>\n<a href=\"https:\/\/www.yakasaider.fr\/article\/devis-entretien-jardin\" target=\"_blank\" class=\"yaka-call-button\" >3 devis jardinage gratuits<\/a>\n<div class=\"divider\"><\/div>\n<h3><strong>Entretien jardin \u00e0 Verri\u00e8res-le-Buisson : pourquoi faire appel \u00e0 un jardinier ?<\/strong><\/h3>\n<p>L&rsquo;entretien de jardin \u00e0 Verri\u00e8res-le-Buisson est une t\u00e2che complexe qui n\u00e9cessite une expertise approfondie en jardinage. Que ce soit pour la taille des arbres, le d\u00e9sherbage, l&rsquo;\u00e9lagage, l&rsquo;arrosage, l&rsquo;am\u00e9nagement de parterres de fleurs ou la plantation de nouvelles esp\u00e8ces, l&rsquo;intervention d&rsquo;un jardinier qualifi\u00e9 ou d&rsquo;un paysagiste exp\u00e9riment\u00e9 est indispensable. \u00c0 Verri\u00e8res-le-Buisson, ces professionnels sont \u00e0 m\u00eame de vous offrir une vari\u00e9t\u00e9 de services pour maintenir votre espace vert en parfaite sant\u00e9 et esth\u00e9tiquement plaisant. Le tableau suivant pr\u00e9sente un aper\u00e7u des prestations qu&rsquo;un jardinier \u00e0 Verri\u00e8res-le-Buisson peut vous proposer. Cette ville, connue pour ses magnifiques espaces verts et jardins luxuriants, m\u00e9rite des services de jardinage de la plus haute qualit\u00e9 pour pr\u00e9server sa beaut\u00e9 naturelle.<\/p>\n<table id=\"custom-table\" class=\"custom-table\" style=\"border-collapse: collapse; width: 100%; height: 432px;\">\n<tbody>\n<tr class=\"row-1 odd\" style=\"height: 24px;\">\n<td class=\"column-1\" style=\"width: 25%; text-align: center; height: 24px;\">tondre la pelouse<\/td>\n<td class=\"column-2\" style=\"width: 25%; text-align: center; height: 24px;\">tailler les arbustes<\/td>\n<td class=\"column-3\" style=\"width: 25%; text-align: center; height: 24px;\">d\u00e9sherber le jardin<\/td>\n<td class=\"column-4\" style=\"width: 25%; text-align: center; height: 24px;\">entretenir le potager<\/td>\n<\/tr>\n<tr class=\"row-2 even\" style=\"height: 24px;\">\n<td class=\"column-1\" style=\"width: 25%; text-align: center; height: 24px;\">am\u00e9nagement du jardin<\/td>\n<td class=\"column-2\" style=\"width: 25%; text-align: center; height: 24px;\">arroser les plantes<\/td>\n<td class=\"column-3\" style=\"width: 25%; text-align: center; height: 24px;\">d\u00e9sherber les parterres<\/td>\n<td class=\"column-4\" style=\"width: 25%; text-align: center; height: 24px;\">fertiliser le sol<\/td>\n<\/tr>\n<tr class=\"row-1 odd\" style=\"height: 24px;\">\n<td class=\"column-1\" style=\"width: 25%; text-align: center; height: 24px;\">installer un syst\u00e8me d&rsquo;arrosage<\/td>\n<td class=\"column-2\" style=\"width: 25%; text-align: center; height: 24px;\">tailler les haies<\/td>\n<td class=\"column-3\" style=\"width: 25%; text-align: center; height: 24px;\">entretenir les fleurs<\/td>\n<td class=\"column-4\" style=\"width: 25%; text-align: center; height: 24px;\">nettoyer les parterres<\/td>\n<\/tr>\n<tr class=\"row-2 even\" style=\"height: 24px;\">\n<td class=\"column-1\" style=\"width: 25%; text-align: center; height: 24px;\">planter de nouvelles plantes<\/td>\n<td class=\"column-2\" style=\"width: 25%; text-align: center; height: 24px;\">enlever les mauvaises herbes<\/td>\n<td class=\"column-3\" style=\"width: 25%; text-align: center; height: 24px;\">arroser les plantes<\/td>\n<td class=\"column-4\" style=\"width: 25%; text-align: center; height: 24px;\">am\u00e9nager un potager<\/td>\n<\/tr>\n<tr class=\"row-1 odd\" style=\"height: 24px;\">\n<td class=\"column-1\" style=\"width: 25%; text-align: center; height: 24px;\">entretenir le potager<\/td>\n<td class=\"column-2\" style=\"width: 25%; text-align: center; height: 24px;\">nettoyer les all\u00e9es<\/td>\n<td class=\"column-3\" style=\"width: 25%; text-align: center; height: 24px;\">arracher une souche<\/td>\n<td class=\"column-4\" style=\"width: 25%; text-align: center; height: 24px;\">tailler les arbres<\/td>\n<\/tr>\n<tr class=\"row-2 even\" style=\"height: 24px;\">\n<td class=\"column-1\" style=\"width: 25%; text-align: center; height: 24px;\">am\u00e9nager un nouvel espace vert<\/td>\n<td class=\"column-2\" style=\"width: 25%; text-align: center; height: 24px;\">\u00e9laguer un arbre<\/td>\n<td class=\"column-3\" style=\"width: 25%; text-align: center; height: 24px;\">poser une cl\u00f4ture<\/td>\n<td class=\"column-4\" style=\"width: 25%; text-align: center; height: 24px;\"><\/td>\n<\/tr>\n<\/tbody>\n<\/table>\n<div class=\"divider\"><\/div>\n<h3><strong><a id=\"prix\"><\/a>Combien co\u00fbte un jardinier \u00e0 Verri\u00e8res-le-Buisson ? Quel est le prix \u00e0 l&rsquo;heure ?<\/strong><\/h3>\n<p>Le co\u00fbt d&rsquo;un jardinier \u00e0 Verri\u00e8res-le-Buisson ou d&rsquo;un paysagiste \u00e0 domicile varie en fonction des prestataires. En moyenne, <strong>le tarif horaire pour l&rsquo;entretien de jardins \u00e0 Verri\u00e8res-le-Buisson se situe en g\u00e9n\u00e9ral entre 25 et 35 euros pour les petits travaux de jardinage <\/strong>(avant cr\u00e9dit d&rsquo;imp\u00f4t : <a href=\"#credit\">voir l&rsquo;explication ci-dessous<\/a>). Ce prix peut augmenter pour des services sp\u00e9cialis\u00e9s tels que la cr\u00e9ation paysag\u00e8re, l&rsquo;installation de syst\u00e8mes d&rsquo;irrigation ou des travaux de jardinage plus complexes n\u00e9cessitant un savoir-faire sp\u00e9cifique.<\/p>\n<p><span style=\"text-decoration: underline;\"><strong>Voici les prix sp\u00e9cifiques pour quelques petits travaux de jardinage \u00e0 Verri\u00e8res-le-Buisson : <\/strong><\/span><\/p>\n<table id=\"custom-table\" class=\"custom-table\" style=\"border-collapse: collapse; width: 100%; height: 432px;\">\n<tbody>\n<tr class=\"row-1 odd\" style=\"height: 24px;\">\n<td class=\"column-1\" style=\"width: 25%; text-align: center; height: 24px;\"><strong><span style=\"color: #0e99cd;\">Quel est le prix moyen pour tondre sa pelouse \u00e0 Verri\u00e8res-le-Buisson ?<\/span><\/strong><\/td>\n<td class=\"column-2\" style=\"width: 25%; text-align: center; height: 24px;\">entre 25\u20ac et 35\u20ac par heure<\/td>\n<\/tr>\n<tr class=\"row-2 even\" style=\"height: 24px;\">\n<td class=\"column-1\" style=\"width: 25%; text-align: center; height: 24px;\"><strong><span style=\"color: #0e99cd;\">Quel prix pour tailler une haie \u00e0 Verri\u00e8res-le-Buisson ?<\/span><\/strong><\/td>\n<td class=\"column-2\" style=\"width: 25%; text-align: center; height: 24px;\">entre 5\u20ac et 15\u20ac au m\u00e8tre lin\u00e9aire en moyenne<\/td>\n<\/tr>\n<tr class=\"row-1 odd\" style=\"height: 24px;\">\n<td class=\"column-1\" style=\"width: 25%; text-align: center; height: 24px;\"><strong><span style=\"color: #0e99cd;\">Quel est le tarif moyen pour un d\u00e9broussaillage \u00e0 Verri\u00e8res-le-Buisson ?<\/span><\/strong><\/td>\n<td class=\"column-2\" style=\"width: 25%; text-align: center; height: 24px;\">entre 25\u20ac et 35\u20ac par heure sans \u00e9vacuation des d\u00e9chets<\/td>\n<\/tr>\n<tr>\n<td class=\"column-1\" style=\"width: 25%; text-align: center; height: 24px;\"><strong><span style=\"color: #0e99cd;\">Quel tarif moyen pour l&rsquo;\u00e9vacuation des d\u00e9chets du jardin \u00e0 Verri\u00e8res-le-Buisson ?<\/span><\/strong><\/td>\n<td class=\"column-2\" style=\"width: 25%; text-align: center; height: 24px;\">entre 20 \u20ac et 40 \u20ac par m\u00e8tre cube<\/td>\n<\/tr>\n<\/tbody>\n<\/table>\n<p>Il est \u00e9galement important de noter que de nombreux jardiniers ou paysagistes proposent des forfaits ou des tarifs d\u00e9gressifs pour des engagements \u00e0 long terme ou des projets d&rsquo;envergure, ce qui peut \u00eatre une option \u00e9conomiquement avantageuse pour l&rsquo;entretien r\u00e9gulier de votre jardin.<\/p>\n<p><strong>La demande de plusieurs devis (<a href=\"https:\/\/www.yakasaider.fr\/article\/devis\/\" target=\"_blank\" rel=\"noopener\">en cliquant ici<\/a>) permet d&rsquo;obtenir une estimation plus pr\u00e9cise et adapt\u00e9e \u00e0 vos besoins sp\u00e9cifiques<\/strong>, en vous donnant \u00e9galement l&rsquo;opportunit\u00e9 de comparer les services et les prix de diff\u00e9rentes entreprises ou professionnels \u00e0 Verri\u00e8res-le-Buisson (cliquez sur le bouton ci-dessous pour obtenir 3 devis gratuits).<\/p>\n<div class=\"boxshadow flex\"><div class=\"text-icon\"><img decoding=\"async\" src=\"https:\/\/www.yakasaider.fr\/article\/wp-content\/themes\/u-design\/img\/loupe-2.jpg\" alt=\"loupe\"\/><\/div><div class=\"text-content\">\n<p><em><strong><a id=\"credit\"><\/a>Comment fonctionne le cr\u00e9dit d&rsquo;imp\u00f4t pour payer un jardinier \u00e0 Verri\u00e8res-le-Buisson ?<\/strong><\/em><\/p>\n<p>\u00c0 Verri\u00e8res-le-Buisson (91370), comme partout en France, <a href=\"https:\/\/www.servicesalapersonne.gouv.fr\/beneficier-des-sap\/quelles-sont-activites-de-services-la-personne\/petits-travaux-de-jardinage\" target=\"_blank\" rel=\"noopener\">le cr\u00e9dit d&rsquo;imp\u00f4t pour l'emploi d&rsquo;un jardinier professionnel \u00e0 domicile<\/a> permet de <strong>r\u00e9cup\u00e9rer 50% des d\u00e9penses engag\u00e9es dans la limite de 5 000 euros par an et par foyer<\/strong>. Cela signifie que vous pouvez d\u00e9duire de vos imp\u00f4ts la moiti\u00e9 de ce que vous avez pay\u00e9 pour ces services, jusqu&rsquo;\u00e0 un maximum de 2 500 euros de r\u00e9duction d&rsquo;imp\u00f4t annuelle. Attention, seuls les petits travaux de jardinage sont \u00e9ligibles (<a href=\"https:\/\/www.yakasaider.fr\/article\/aide-jardinage\/#impot\" target=\"_blank\" rel=\"noopener\">voir la liste des travaux \u00e9ligibles<\/a>), la cr\u00e9ation d&rsquo;un parc paysager est, par exemple, exclue.<\/p>\n<\/div><\/div>\n<a href=\"https:\/\/www.yakasaider.fr\/article\/devis-entretien-jardin\" target=\"_blank\" class=\"yaka-call-button\" >3 devis jardinage gratuits<\/a>\n<div class=\"divider\"><\/div>\n<h3><strong><a id=\"recruter\"><\/a>Comment recruter un jardinier \u00e0 Verri\u00e8res-le-Buisson ? <\/strong><\/h3>\n<p>Pour recruter un jardinier ou un paysagiste \u00e0 Verri\u00e8res-le-Buisson, ville de 14931, il y a plusieurs possibilit\u00e9s.<\/p>\n<p><strong><span style=\"text-decoration: underline;\">Vous pouvez :<\/span><\/strong><\/p>\n\n<ul class=\"list-13\">\n<li><strong>Opter pour<\/strong> <strong>un contrat de service via une entreprise de jardinage <\/strong>: cela signifie que vous passez par une soci\u00e9t\u00e9 qui s&rsquo;occupe de tout, de la recherche du jardinier \u00e0 la gestion administrative, et vous pouvez r\u00e9cup\u00e9rer 50% des d\u00e9penses sous forme de cr\u00e9dit sur vos imp\u00f4ts.<\/li>\n<li><strong>Engager un jardinier professionnel ind\u00e9pendant et le payer en CESU<\/strong> (Ch\u00e8que Emploi Service Universel) : attention les d\u00e9marches administratives sont plus importantes car vous \u00eates employeur (<a href=\"https:\/\/ericespacesverts.fr\/comment-embaucher-jardinier-a-domicile-paye-en-cesu\/\" target=\"_blank\" rel=\"noopener\">en savoir plus<\/a>).<\/li>\n<li><strong>Faire appel \u00e0 une association sp\u00e9cialis\u00e9e dans les services \u00e0 la personne pour le jardinage<\/strong> (<a href=\"https:\/\/www.admr.org\/petits-travaux-de-jardinage-et-de-bricolage\/\" target=\"_blank\" rel=\"noopener\">ADMR,<\/a> <a href=\"https:\/\/www.humensia.org\/entretien-du-domicile\/petit-jardinage\/\" target=\"_blank\" rel=\"noopener\">Humensia<\/a>, etc&#8230;) : prenez contact avec une de ces associations pour r\u00e9server un cr\u00e9neau pour l&rsquo;entretien de votre jardin \u00e0 Verri\u00e8res-le-Buisson.<\/li>\n<li><strong>Demander de l&rsquo;aide \u00e0 un membre Yakasaider <\/strong>qui habite \u00e0 Verri\u00e8res-le-Buisson ou \u00e0 proximit\u00e9 (Essonne)<\/li>\n<\/ul>\n\n<div class=\"boxshadow \">\n<p><strong>Essonne\u00a0\u2013 d\u00e9couvrez les meilleurs jardiniers et paysagistes des principales villes du d\u00e9partement :<\/strong><\/p>\n<a href=\"https:\/\/www.yakasaider.fr\/article\/salle-de-bain-arras-62000\/\" target=\"_blank\">Professionnel de Salle de Bain \u00e0 Arras: Installation et R\u00e9novation avec Devis Gratuits<\/a><br\/><a href=\"https:\/\/www.yakasaider.fr\/article\/salle-de-bain-carrieres-sur-seine-78420\/\" target=\"_blank\">Assistance et Devis Gratuits pour Votre Salle de Bain \u00e0 Carri\u00e8res-sur-Seine : Installation et R\u00e9novation<\/a><br\/><a href=\"https:\/\/www.yakasaider.fr\/article\/salle-de-bain-bayonne-64100\/\" target=\"_blank\">Votre sp\u00e9cialiste en salle de bain \u00e0 Bayonne : installation, am\u00e9nagement et r\u00e9novation avec devis gratuits<\/a><br\/><a href=\"https:\/\/www.yakasaider.fr\/article\/salle-de-bain-beauvais-60000\/\" target=\"_blank\">Professionnel en Salle de Bain \u00e0 Beauvais : Installation et R\u00e9novation avec Aides et Devis Gratuits<\/a><br\/><a href=\"https:\/\/www.yakasaider.fr\/article\/salle-de-bain-antony-92160\/\" target=\"_blank\">Sp\u00e9cialiste en Salle de Bain \u00e0 Antony: Services Gratuits pour Installation et R\u00e9novation<\/a><br\/>\n<\/div>\n<div class=\"divider\"><\/div>\n\r\n    \r\n    <div class=\"faq-container\" itemscope itemtype=\"http:\/\/schema.org\/FAQPage\">\r\n        <div class=\"faq\">\r\n                    <div class=\"item drop-shadow collapsed\" animate>\r\n            <div itemprop=\"mainEntity\" itemscope itemtype=\"http:\/\/schema.org\/Question\" class=\"\" >\r\n\r\n                <span  class=\"question\" itemprop=\"name\"    >\ud83d\udca1 Comment trouver un jardinier \u00e0 Verri\u00e8res-le-Buisson ? <\/span>\r\n                <div  itemprop=\"acceptedAnswer\"  class=\"answer\" itemscope itemtype=\"http:\/\/schema.org\/Answer\">\r\n                    <div itemprop=\"text\">Pour trouver un jardinier \u00e0 Verri\u00e8res-le-Buisson, demandez trois devis gratuits, consultez notre s\u00e9lection des quatre meilleurs jardiniers locaux, ou sollicitez l&rsquo;aide gratuite d&rsquo;un membre de la communaut\u00e9 Yakasaider. <a href=\"#choisir\">lire la suite.<\/a><\/p>\n<p><\/div>\r\n                <\/div>\r\n            <\/div>\r\n            <\/div>\r\n                        <div class=\"item drop-shadow collapsed\" animate>\r\n            <div itemprop=\"mainEntity\" itemscope itemtype=\"http:\/\/schema.org\/Question\" class=\"\" >\r\n\r\n                <span  class=\"question\" itemprop=\"name\"    >\ud83d\udca1 Quel est le prix \u00e0 l&rsquo;heure d&rsquo;un jardinier \u00e0 Verri\u00e8res-le-Buisson ? <\/span>\r\n                <div  itemprop=\"acceptedAnswer\"  class=\"answer\" itemscope itemtype=\"http:\/\/schema.org\/Answer\">\r\n                    <div itemprop=\"text\">Le prix horaire d&rsquo;un jardinier \u00e0 Verri\u00e8res-le-Buisson varie entre 15 et 35 euros en fonction du prestataire choisi. A noter qu&rsquo;il est possible de r\u00e9cup\u00e9rer 50% du montant d\u00e9pens\u00e9 gr\u00e2ce au cr\u00e9dit d&rsquo;imp\u00f4t <a href=\"#prix\">lire la suite.<\/a><\/p>\n<p><\/div>\r\n                <\/div>\r\n            <\/div>\r\n            <\/div>\r\n                        <div class=\"item drop-shadow collapsed\" animate>\r\n            <div itemprop=\"mainEntity\" itemscope itemtype=\"http:\/\/schema.org\/Question\" class=\"\" >\r\n\r\n                <span  class=\"question\" itemprop=\"name\"    >\ud83d\udca1 Quelles sont les t\u00e2ches d&rsquo;un jardinier \u00e0 Verri\u00e8res-le-Buisson ? <\/span>\r\n                <div  itemprop=\"acceptedAnswer\"  class=\"answer\" itemscope itemtype=\"http:\/\/schema.org\/Answer\">\r\n                    <div itemprop=\"text\">Les t\u00e2ches d&rsquo;un jardinier \u00e0 Verri\u00e8res-le-Buisson ou d&rsquo;un paysagiste sont tr\u00e8s nombreuses. Elles incluent : tonte de la pelouse, tailler les haies, \u00e9laguer les arbres, d\u00e9sherber, entretenir les parterres de fleurs, am\u00e9nager des espaces verts etc&#8230; <a href=\"#choisir\">lire la suite.<\/a><\/p>\n<p><\/div>\r\n                <\/div>\r\n            <\/div>\r\n            <\/div>\r\n                        <div class=\"item drop-shadow collapsed\" animate>\r\n            <div itemprop=\"mainEntity\" itemscope itemtype=\"http:\/\/schema.org\/Question\" class=\"\" >\r\n\r\n                <span  class=\"question\" itemprop=\"name\"    >\ud83d\udca1 Comment obtenir de l&rsquo;aide gratuite pour l&rsquo;entretien de son jardin \u00e0 Verri\u00e8res-le-Buisson ? <\/span>\r\n                <div  itemprop=\"acceptedAnswer\"  class=\"answer\" itemscope itemtype=\"http:\/\/schema.org\/Answer\">\r\n                    <div itemprop=\"text\">Vous pouvez obtenir de l&rsquo;aide gratuite pour l&rsquo;entretien de votre jardin \u00e0 Verri\u00e8res-le-Buisson en vous inscrivant sur Yakasaider et en demandant l&rsquo;aide \u00e0 un membre qui a la main verte et qui habite pr\u00e8s de chez vous <a href=\"#yakasaider\">lire la suite.<\/a><\/p>\n<\/div>\r\n                <\/div>\r\n            <\/div>\r\n            <\/div>\r\n                    <\/div>\r\n    <\/div>\r\n    \r\n    <script defer type=\"text\/javascript\">\r\n        if(typeof($) === \"undefined\"){ var $ = jQuery;}\r\n        $(document).ready(function() {\r\n            $('.faq .item .question').on('click' , function(){\r\n                if($(this).parent().parent().hasClass('collapsed')){\r\n                    $(this).parent().parent().removeClass('collapsed');\r\n                }else {\r\n                    $(this).parent().parent().addClass('collapsed');\r\n                }\r\n            });\r\n        });\r\n        \r\n    <\/script>\r\n    \r\n\r\n    \n","protected":false},"excerpt":{"rendered":"<p>Demandez 3 devis comparatifs pour trouver un jardinier \u00e0 Verri\u00e8res-le-Buisson Obtenir 3 devis gratuits -50% de cr\u00e9dit d&rsquo;imp\u00f4t Jusqu&rsquo;\u00e0 2500\u20ac\/an de cr\u00e9dit d&rsquo;imp\u00f4t \u00c0 la recherche d&rsquo;un jardinier \u00e0 Verri\u00e8res-le-Buisson, en \u00cele-de-France, ou d&rsquo;un paysagiste pour un entretien de jardin impeccable ? Plusieurs solutions s&rsquo;offrent \u00e0 vous [&hellip;]<\/p>\n","protected":false},"author":3,"featured_media":3277,"comment_status":"open","ping_status":"open","sticky":false,"template":"","format":"standard","meta":{"footnotes":""},"categories":[42],"tags":[],"class_list":["post-3276","post","type-post","status-publish","format-standard","has-post-thumbnail","hentry","category-essonne"],"yoast_head":"<!-- This site is optimized with the Yoast SEO plugin v23.7 - https:\/\/yoast.com\/wordpress\/plugins\/seo\/ -->\n<title>Choisir le meilleur jardinier ou paysagiste \u00e0 Verri\u00e8res-le-Buisson : entretien et travaux de jardinage<\/title>\n<meta name=\"description\" content=\"Si vous cherchez un jardinier ou un paysagiste \u00e0 Verri\u00e8res-le-Buisson au meilleur prix, d\u00e9couvrez notre TOP 4 des prestataires ou obtenez de l&#039;aide gratuite\" \/>\n<meta name=\"robots\" content=\"index, follow, max-snippet:-1, max-image-preview:large, max-video-preview:-1\" \/>\n<link rel=\"canonical\" href=\"https:\/\/www.yakasaider.fr\/article\/jardinier-verrieres-le-buisson-91370\/\" \/>\n<meta property=\"og:locale\" content=\"fr_FR\" \/>\n<meta property=\"og:type\" content=\"article\" \/>\n<meta property=\"og:title\" content=\"Choisir le meilleur jardinier ou paysagiste \u00e0 Verri\u00e8res-le-Buisson : entretien et travaux de jardinage\" \/>\n<meta property=\"og:description\" content=\"Si vous cherchez un jardinier ou un paysagiste \u00e0 Verri\u00e8res-le-Buisson au meilleur prix, d\u00e9couvrez notre TOP 4 des prestataires ou obtenez de l&#039;aide gratuite\" \/>\n<meta property=\"og:url\" content=\"https:\/\/www.yakasaider.fr\/article\/jardinier-verrieres-le-buisson-91370\/\" \/>\n<meta property=\"og:site_name\" content=\"Yakasaider\" \/>\n<meta property=\"article:published_time\" content=\"2024-06-19T11:31:09+00:00\" \/>\n<meta property=\"article:modified_time\" content=\"2024-06-19T11:31:15+00:00\" \/>\n<meta property=\"og:image\" content=\"https:\/\/www.yakasaider.fr\/article\/wp-content\/uploads\/2024\/05\/AF1QipOnb71NCfWBYYE9zTGO6V4MGFUoaLlWCDCOpl-bw1920-h1080-k-no.jpeg\" \/>\n\t<meta property=\"og:image:width\" content=\"608\" \/>\n\t<meta property=\"og:image:height\" content=\"1080\" \/>\n\t<meta property=\"og:image:type\" content=\"image\/jpeg\" \/>\n<meta name=\"author\" content=\"Geoffrey Picart\" \/>\n<meta name=\"twitter:card\" content=\"summary_large_image\" \/>\n<meta name=\"twitter:label1\" content=\"\u00c9crit par\" \/>\n\t<meta name=\"twitter:data1\" content=\"Geoffrey Picart\" \/>\n\t<meta name=\"twitter:label2\" content=\"Dur\u00e9e de lecture estim\u00e9e\" \/>\n\t<meta name=\"twitter:data2\" content=\"10 minutes\" \/>\n<script type=\"application\/ld+json\" class=\"yoast-schema-graph\">{\"@context\":\"https:\/\/schema.org\",\"@graph\":[{\"@type\":\"Article\",\"@id\":\"https:\/\/www.yakasaider.fr\/article\/jardinier-verrieres-le-buisson-91370\/#article\",\"isPartOf\":{\"@id\":\"https:\/\/www.yakasaider.fr\/article\/jardinier-verrieres-le-buisson-91370\/\"},\"author\":{\"name\":\"Geoffrey Picart\",\"@id\":\"https:\/\/www.yakasaider.fr\/article\/#\/schema\/person\/b45a79d94f835edb3fad4974d309401e\"},\"headline\":\"Jardinage \u00e0 Verri\u00e8res-le-Buisson : Contacter un jardinier ou un paysagiste de qualit\u00e9\",\"datePublished\":\"2024-06-19T11:31:09+00:00\",\"dateModified\":\"2024-06-19T11:31:15+00:00\",\"mainEntityOfPage\":{\"@id\":\"https:\/\/www.yakasaider.fr\/article\/jardinier-verrieres-le-buisson-91370\/\"},\"wordCount\":1967,\"commentCount\":0,\"publisher\":{\"@id\":\"https:\/\/www.yakasaider.fr\/article\/#organization\"},\"image\":{\"@id\":\"https:\/\/www.yakasaider.fr\/article\/jardinier-verrieres-le-buisson-91370\/#primaryimage\"},\"thumbnailUrl\":\"https:\/\/www.yakasaider.fr\/article\/wp-content\/uploads\/2024\/05\/AF1QipOnb71NCfWBYYE9zTGO6V4MGFUoaLlWCDCOpl-bw1920-h1080-k-no.jpeg\",\"articleSection\":[\"Jardiniers Essonne\"],\"inLanguage\":\"fr-FR\",\"potentialAction\":[{\"@type\":\"CommentAction\",\"name\":\"Comment\",\"target\":[\"https:\/\/www.yakasaider.fr\/article\/jardinier-verrieres-le-buisson-91370\/#respond\"]}]},{\"@type\":\"WebPage\",\"@id\":\"https:\/\/www.yakasaider.fr\/article\/jardinier-verrieres-le-buisson-91370\/\",\"url\":\"https:\/\/www.yakasaider.fr\/article\/jardinier-verrieres-le-buisson-91370\/\",\"name\":\"Choisir le meilleur jardinier ou paysagiste \u00e0 Verri\u00e8res-le-Buisson : entretien et travaux de jardinage\",\"isPartOf\":{\"@id\":\"https:\/\/www.yakasaider.fr\/article\/#website\"},\"primaryImageOfPage\":{\"@id\":\"https:\/\/www.yakasaider.fr\/article\/jardinier-verrieres-le-buisson-91370\/#primaryimage\"},\"image\":{\"@id\":\"https:\/\/www.yakasaider.fr\/article\/jardinier-verrieres-le-buisson-91370\/#primaryimage\"},\"thumbnailUrl\":\"https:\/\/www.yakasaider.fr\/article\/wp-content\/uploads\/2024\/05\/AF1QipOnb71NCfWBYYE9zTGO6V4MGFUoaLlWCDCOpl-bw1920-h1080-k-no.jpeg\",\"datePublished\":\"2024-06-19T11:31:09+00:00\",\"dateModified\":\"2024-06-19T11:31:15+00:00\",\"description\":\"Si vous cherchez un jardinier ou un paysagiste \u00e0 Verri\u00e8res-le-Buisson au meilleur prix, d\u00e9couvrez notre TOP 4 des prestataires ou obtenez de l'aide gratuite\",\"breadcrumb\":{\"@id\":\"https:\/\/www.yakasaider.fr\/article\/jardinier-verrieres-le-buisson-91370\/#breadcrumb\"},\"inLanguage\":\"fr-FR\",\"potentialAction\":[{\"@type\":\"ReadAction\",\"target\":[\"https:\/\/www.yakasaider.fr\/article\/jardinier-verrieres-le-buisson-91370\/\"]}]},{\"@type\":\"ImageObject\",\"inLanguage\":\"fr-FR\",\"@id\":\"https:\/\/www.yakasaider.fr\/article\/jardinier-verrieres-le-buisson-91370\/#primaryimage\",\"url\":\"https:\/\/www.yakasaider.fr\/article\/wp-content\/uploads\/2024\/05\/AF1QipOnb71NCfWBYYE9zTGO6V4MGFUoaLlWCDCOpl-bw1920-h1080-k-no.jpeg\",\"contentUrl\":\"https:\/\/www.yakasaider.fr\/article\/wp-content\/uploads\/2024\/05\/AF1QipOnb71NCfWBYYE9zTGO6V4MGFUoaLlWCDCOpl-bw1920-h1080-k-no.jpeg\",\"width\":608,\"height\":1080,\"caption\":\"Trouvez le meilleur jardinier \u00e0 Verri\u00e8res-le-Buisson dans le d\u00e9partement du 91\"},{\"@type\":\"BreadcrumbList\",\"@id\":\"https:\/\/www.yakasaider.fr\/article\/jardinier-verrieres-le-buisson-91370\/#breadcrumb\",\"itemListElement\":[{\"@type\":\"ListItem\",\"position\":1,\"name\":\"Accueil\",\"item\":\"https:\/\/www.yakasaider.fr\/\"},{\"@type\":\"ListItem\",\"position\":2,\"name\":\"Article\",\"item\":\"https:\/\/www.yakasaider.fr\/article\/\"},{\"@type\":\"ListItem\",\"position\":3,\"name\":\"Jardinage \u00e0 Verri\u00e8res-le-Buisson : Contacter un jardinier ou un paysagiste de qualit\u00e9\"}]},{\"@type\":\"WebSite\",\"@id\":\"https:\/\/www.yakasaider.fr\/article\/#website\",\"url\":\"https:\/\/www.yakasaider.fr\/article\/\",\"name\":\"Yakasaider\",\"description\":\"Echange de services entre particuliers\",\"publisher\":{\"@id\":\"https:\/\/www.yakasaider.fr\/article\/#organization\"},\"potentialAction\":[{\"@type\":\"SearchAction\",\"target\":{\"@type\":\"EntryPoint\",\"urlTemplate\":\"https:\/\/www.yakasaider.fr\/article\/?s={search_term_string}\"},\"query-input\":{\"@type\":\"PropertyValueSpecification\",\"valueRequired\":true,\"valueName\":\"search_term_string\"}}],\"inLanguage\":\"fr-FR\"},{\"@type\":\"Organization\",\"@id\":\"https:\/\/www.yakasaider.fr\/article\/#organization\",\"name\":\"Yakasaider\",\"url\":\"https:\/\/www.yakasaider.fr\/article\/\",\"logo\":{\"@type\":\"ImageObject\",\"inLanguage\":\"fr-FR\",\"@id\":\"https:\/\/www.yakasaider.fr\/article\/#\/schema\/logo\/image\/\",\"url\":\"https:\/\/www.yakasaider.fr\/article\/wp-content\/uploads\/2023\/11\/cropped-logo.png\",\"contentUrl\":\"https:\/\/www.yakasaider.fr\/article\/wp-content\/uploads\/2023\/11\/cropped-logo.png\",\"width\":380,\"height\":74,\"caption\":\"Yakasaider\"},\"image\":{\"@id\":\"https:\/\/www.yakasaider.fr\/article\/#\/schema\/logo\/image\/\"}},{\"@type\":\"Person\",\"@id\":\"https:\/\/www.yakasaider.fr\/article\/#\/schema\/person\/b45a79d94f835edb3fad4974d309401e\",\"name\":\"Geoffrey Picart\",\"description\":\"Avec un profond int\u00e9r\u00eat pour l'entraide et le partage de savoir, mes \u00e9crits visent \u00e0 \u00e9clairer et \u00e0 inspirer, tout en apportant une touche de l\u00e9g\u00e8ret\u00e9 lorsque n\u00e9cessaire. Ensemble, abordons la simplification de la vie quotidienne, un article \u00e0 la fois.\",\"sameAs\":[\"https:\/\/www.yakasaider.fr\/\",\"https:\/\/www.linkedin.com\/in\/geoffrey-picart-b5760349\/\"],\"url\":\"https:\/\/www.yakasaider.fr\/article\/author\/geo\/\"}]}<\/script>\n<!-- \/ Yoast SEO plugin. -->","yoast_head_json":{"title":"Choisir le meilleur jardinier ou paysagiste \u00e0 Verri\u00e8res-le-Buisson : entretien et travaux de jardinage","description":"Si vous cherchez un jardinier ou un paysagiste \u00e0 Verri\u00e8res-le-Buisson au meilleur prix, d\u00e9couvrez notre TOP 4 des prestataires ou obtenez de l'aide gratuite","robots":{"index":"index","follow":"follow","max-snippet":"max-snippet:-1","max-image-preview":"max-image-preview:large","max-video-preview":"max-video-preview:-1"},"canonical":"https:\/\/www.yakasaider.fr\/article\/jardinier-verrieres-le-buisson-91370\/","og_locale":"fr_FR","og_type":"article","og_title":"Choisir le meilleur jardinier ou paysagiste \u00e0 Verri\u00e8res-le-Buisson : entretien et travaux de jardinage","og_description":"Si vous cherchez un jardinier ou un paysagiste \u00e0 Verri\u00e8res-le-Buisson au meilleur prix, d\u00e9couvrez notre TOP 4 des prestataires ou obtenez de l'aide gratuite","og_url":"https:\/\/www.yakasaider.fr\/article\/jardinier-verrieres-le-buisson-91370\/","og_site_name":"Yakasaider","article_published_time":"2024-06-19T11:31:09+00:00","article_modified_time":"2024-06-19T11:31:15+00:00","og_image":[{"width":608,"height":1080,"url":"https:\/\/www.yakasaider.fr\/article\/wp-content\/uploads\/2024\/05\/AF1QipOnb71NCfWBYYE9zTGO6V4MGFUoaLlWCDCOpl-bw1920-h1080-k-no.jpeg","type":"image\/jpeg"}],"author":"Geoffrey Picart","twitter_card":"summary_large_image","twitter_misc":{"\u00c9crit par":"Geoffrey Picart","Dur\u00e9e de lecture estim\u00e9e":"10 minutes"},"schema":{"@context":"https:\/\/schema.org","@graph":[{"@type":"Article","@id":"https:\/\/www.yakasaider.fr\/article\/jardinier-verrieres-le-buisson-91370\/#article","isPartOf":{"@id":"https:\/\/www.yakasaider.fr\/article\/jardinier-verrieres-le-buisson-91370\/"},"author":{"name":"Geoffrey Picart","@id":"https:\/\/www.yakasaider.fr\/article\/#\/schema\/person\/b45a79d94f835edb3fad4974d309401e"},"headline":"Jardinage \u00e0 Verri\u00e8res-le-Buisson : Contacter un jardinier ou un paysagiste de qualit\u00e9","datePublished":"2024-06-19T11:31:09+00:00","dateModified":"2024-06-19T11:31:15+00:00","mainEntityOfPage":{"@id":"https:\/\/www.yakasaider.fr\/article\/jardinier-verrieres-le-buisson-91370\/"},"wordCount":1967,"commentCount":0,"publisher":{"@id":"https:\/\/www.yakasaider.fr\/article\/#organization"},"image":{"@id":"https:\/\/www.yakasaider.fr\/article\/jardinier-verrieres-le-buisson-91370\/#primaryimage"},"thumbnailUrl":"https:\/\/www.yakasaider.fr\/article\/wp-content\/uploads\/2024\/05\/AF1QipOnb71NCfWBYYE9zTGO6V4MGFUoaLlWCDCOpl-bw1920-h1080-k-no.jpeg","articleSection":["Jardiniers Essonne"],"inLanguage":"fr-FR","potentialAction":[{"@type":"CommentAction","name":"Comment","target":["https:\/\/www.yakasaider.fr\/article\/jardinier-verrieres-le-buisson-91370\/#respond"]}]},{"@type":"WebPage","@id":"https:\/\/www.yakasaider.fr\/article\/jardinier-verrieres-le-buisson-91370\/","url":"https:\/\/www.yakasaider.fr\/article\/jardinier-verrieres-le-buisson-91370\/","name":"Choisir le meilleur jardinier ou paysagiste \u00e0 Verri\u00e8res-le-Buisson : entretien et travaux de jardinage","isPartOf":{"@id":"https:\/\/www.yakasaider.fr\/article\/#website"},"primaryImageOfPage":{"@id":"https:\/\/www.yakasaider.fr\/article\/jardinier-verrieres-le-buisson-91370\/#primaryimage"},"image":{"@id":"https:\/\/www.yakasaider.fr\/article\/jardinier-verrieres-le-buisson-91370\/#primaryimage"},"thumbnailUrl":"https:\/\/www.yakasaider.fr\/article\/wp-content\/uploads\/2024\/05\/AF1QipOnb71NCfWBYYE9zTGO6V4MGFUoaLlWCDCOpl-bw1920-h1080-k-no.jpeg","datePublished":"2024-06-19T11:31:09+00:00","dateModified":"2024-06-19T11:31:15+00:00","description":"Si vous cherchez un jardinier ou un paysagiste \u00e0 Verri\u00e8res-le-Buisson au meilleur prix, d\u00e9couvrez notre TOP 4 des prestataires ou obtenez de l'aide gratuite","breadcrumb":{"@id":"https:\/\/www.yakasaider.fr\/article\/jardinier-verrieres-le-buisson-91370\/#breadcrumb"},"inLanguage":"fr-FR","potentialAction":[{"@type":"ReadAction","target":["https:\/\/www.yakasaider.fr\/article\/jardinier-verrieres-le-buisson-91370\/"]}]},{"@type":"ImageObject","inLanguage":"fr-FR","@id":"https:\/\/www.yakasaider.fr\/article\/jardinier-verrieres-le-buisson-91370\/#primaryimage","url":"https:\/\/www.yakasaider.fr\/article\/wp-content\/uploads\/2024\/05\/AF1QipOnb71NCfWBYYE9zTGO6V4MGFUoaLlWCDCOpl-bw1920-h1080-k-no.jpeg","contentUrl":"https:\/\/www.yakasaider.fr\/article\/wp-content\/uploads\/2024\/05\/AF1QipOnb71NCfWBYYE9zTGO6V4MGFUoaLlWCDCOpl-bw1920-h1080-k-no.jpeg","width":608,"height":1080,"caption":"Trouvez le meilleur jardinier \u00e0 Verri\u00e8res-le-Buisson dans le d\u00e9partement du 91"},{"@type":"BreadcrumbList","@id":"https:\/\/www.yakasaider.fr\/article\/jardinier-verrieres-le-buisson-91370\/#breadcrumb","itemListElement":[{"@type":"ListItem","position":1,"name":"Accueil","item":"https:\/\/www.yakasaider.fr\/"},{"@type":"ListItem","position":2,"name":"Article","item":"https:\/\/www.yakasaider.fr\/article\/"},{"@type":"ListItem","position":3,"name":"Jardinage \u00e0 Verri\u00e8res-le-Buisson : Contacter un jardinier ou un paysagiste de qualit\u00e9"}]},{"@type":"WebSite","@id":"https:\/\/www.yakasaider.fr\/article\/#website","url":"https:\/\/www.yakasaider.fr\/article\/","name":"Yakasaider","description":"Echange de services entre particuliers","publisher":{"@id":"https:\/\/www.yakasaider.fr\/article\/#organization"},"potentialAction":[{"@type":"SearchAction","target":{"@type":"EntryPoint","urlTemplate":"https:\/\/www.yakasaider.fr\/article\/?s={search_term_string}"},"query-input":{"@type":"PropertyValueSpecification","valueRequired":true,"valueName":"search_term_string"}}],"inLanguage":"fr-FR"},{"@type":"Organization","@id":"https:\/\/www.yakasaider.fr\/article\/#organization","name":"Yakasaider","url":"https:\/\/www.yakasaider.fr\/article\/","logo":{"@type":"ImageObject","inLanguage":"fr-FR","@id":"https:\/\/www.yakasaider.fr\/article\/#\/schema\/logo\/image\/","url":"https:\/\/www.yakasaider.fr\/article\/wp-content\/uploads\/2023\/11\/cropped-logo.png","contentUrl":"https:\/\/www.yakasaider.fr\/article\/wp-content\/uploads\/2023\/11\/cropped-logo.png","width":380,"height":74,"caption":"Yakasaider"},"image":{"@id":"https:\/\/www.yakasaider.fr\/article\/#\/schema\/logo\/image\/"}},{"@type":"Person","@id":"https:\/\/www.yakasaider.fr\/article\/#\/schema\/person\/b45a79d94f835edb3fad4974d309401e","name":"Geoffrey Picart","description":"Avec un profond int\u00e9r\u00eat pour l'entraide et le partage de savoir, mes \u00e9crits visent \u00e0 \u00e9clairer et \u00e0 inspirer, tout en apportant une touche de l\u00e9g\u00e8ret\u00e9 lorsque n\u00e9cessaire. Ensemble, abordons la simplification de la vie quotidienne, un article \u00e0 la fois.","sameAs":["https:\/\/www.yakasaider.fr\/","https:\/\/www.linkedin.com\/in\/geoffrey-picart-b5760349\/"],"url":"https:\/\/www.yakasaider.fr\/article\/author\/geo\/"}]}},"_links":{"self":[{"href":"https:\/\/www.yakasaider.fr\/article\/wp-json\/wp\/v2\/posts\/3276","targetHints":{"allow":["GET"]}}],"collection":[{"href":"https:\/\/www.yakasaider.fr\/article\/wp-json\/wp\/v2\/posts"}],"about":[{"href":"https:\/\/www.yakasaider.fr\/article\/wp-json\/wp\/v2\/types\/post"}],"author":[{"embeddable":true,"href":"https:\/\/www.yakasaider.fr\/article\/wp-json\/wp\/v2\/users\/3"}],"replies":[{"embeddable":true,"href":"https:\/\/www.yakasaider.fr\/article\/wp-json\/wp\/v2\/comments?post=3276"}],"version-history":[{"count":0,"href":"https:\/\/www.yakasaider.fr\/article\/wp-json\/wp\/v2\/posts\/3276\/revisions"}],"wp:featuredmedia":[{"embeddable":true,"href":"https:\/\/www.yakasaider.fr\/article\/wp-json\/wp\/v2\/media\/3277"}],"wp:attachment":[{"href":"https:\/\/www.yakasaider.fr\/article\/wp-json\/wp\/v2\/media?parent=3276"}],"wp:term":[{"taxonomy":"category","embeddable":true,"href":"https:\/\/www.yakasaider.fr\/article\/wp-json\/wp\/v2\/categories?post=3276"},{"taxonomy":"post_tag","embeddable":true,"href":"https:\/\/www.yakasaider.fr\/article\/wp-json\/wp\/v2\/tags?post=3276"}],"curies":[{"name":"wp","href":"https:\/\/api.w.org\/{rel}","templated":true}]}}